{"id":603,"date":"2015-11-22T11:22:48","date_gmt":"2015-11-22T10:22:48","guid":{"rendered":"http:\/\/gs-silberberg.de\/hp\/?p=603"},"modified":"2015-11-22T11:22:48","modified_gmt":"2015-11-22T10:22:48","slug":"lesen-am-silberberg","status":"publish","type":"post","link":"https:\/\/gs-silberberg.de\/hp\/lesen-am-silberberg\/","title":{"rendered":"Lesen am Silberberg"},"content":{"rendered":"<p>Auch in diesem Herbst fanden im Rahmen der Kinder- und Jugendbuchwochen viele tolle Aktionen rund um das Buch in der Silberbergschule statt.<\/p>\n<p>Besonders herausragend ist sicherlich die sch\u00f6ne Tradition, dass die Achtkl\u00e4ssler unseres benachbarten Otto-Hahn-Gymnasiums unter Anleitung ihrer Lehrerin Frau \u00a0Bowien unseren Erstkl\u00e4sslern vorgelesen und mit ihnen gebastelt haben.<\/p>\n<p>Die Zweitkl\u00e4ssler genossen eine interaktive Lesung unserer ehemaligen Kollegin Michaela Furchert unter dem Motto \u201eKomm mit in die Geisterbibliothek\u201c und stellten selbst Geisterb\u00fcchlein her.<\/p>\n<p><a href=\"http:\/\/gs-silberberg.de\/hp\/wp-content\/uploads\/2015\/11\/2015-11-12-11.34.46.jpg\"><img loading=\"lazy\" decoding=\"async\" class=\" wp-image-598 alignleft\" src=\"http:\/\/gs-silberberg.de\/hp\/wp-content\/uploads\/2015\/11\/2015-11-12-11.34.46-300x225.jpg\" alt=\"2015-11-12 11.34.46\" width=\"206\" height=\"156\" srcset=\"https:\/\/gs-silberberg.de\/hp\/wp-content\/uploads\/2015\/11\/2015-11-12-11.34.46-300x225.jpg 300w, https:\/\/gs-silberberg.de\/hp\/wp-content\/uploads\/2015\/11\/2015-11-12-11.34.46.jpg 1024w, https:\/\/gs-silberberg.de\/hp\/wp-content\/uploads\/2015\/11\/2015-11-12-11.34.46-700x525.jpg 700w, https:\/\/gs-silberberg.de\/hp\/wp-content\/uploads\/2015\/11\/2015-11-12-11.34.46-332x249.jpg 332w\" sizes=\"auto, (max-width: 206px) 100vw, 206px\" \/><\/a>F\u00fcr die dritten und vierten Klassen fand am 12.11.2015 der Vorlesewettbewerb statt. Aus jeder Klasse lasen der beste Junge und das beste M\u00e4dchen aus ihrem Lieblingsbuch vor, nachdem sie dieses kurz vorstellen durften. Die Schulsieger wurden von einer dreik\u00f6pfigen Jury ermittelt und werden unsere Schule im kommenden Schuljahr beim Vorlesewettbewerb der Geesthachter Grundschulen vertreten. Der Vorlesewettbewerb wurde \u00e4u\u00dferst charmant moderiert von unseren Deutschlehrerinnen Frau Haberl und Frau Radel. Die B\u00fccherstube Liliehof stiftete Lesezeichen, Pappmasken, Magnete un<a href=\"http:\/\/gs-silberberg.de\/hp\/wp-content\/uploads\/2015\/11\/2015-11-12-09.16.52.jpg\"><img loading=\"lazy\" decoding=\"async\" class=\"wp-image-596 alignright\" src=\"http:\/\/gs-silberberg.de\/hp\/wp-content\/uploads\/2015\/11\/2015-11-12-09.16.52-300x225.jpg\" alt=\"2015-11-12 09.16.52\" width=\"227\" height=\"173\" \/><\/a>d Popcorn und trug so ebenfalls zum Gelingen der Veranstaltung bei.<\/p>\n<p>Wir danken den \u201eSchnabeltieren\u201c (Klasse 4b) f\u00fcr das Dekorieren der Aula sehr herzlich!<\/p>\n","protected":false},"excerpt":{"rendered":"<p>Auch in diesem Herbst fanden im Rahmen der Kinder- und Jugendbuchwochen viele tolle Aktionen rund um das Buch in der Silberbergschule statt. Besonders herausragend ist sicherlich die sch\u00f6ne Tradition, dass die Achtkl\u00e4ssler unseres benachbarten Otto-Hahn-Gymnasiums unter Anleitung ihrer Lehrerin Frau \u00a0Bowien unseren Erstkl\u00e4sslern vorgelesen und mit ihnen gebastelt haben. Die &#8230;<\/p>\n","protected":false},"author":6,"featured_media":597,"comment_status":"closed","ping_status":"closed","sticky":false,"template":"","format":"standard","meta":{"_uag_custom_page_level_css":"","footnotes":""},"categories":[54],"tags":[],"class_list":["post-603","post","type-post","status-publish","format-standard","has-post-thumbnail","hentry","category-veranstaltungen","column","onecol","has-thumbnail"],"featured_image_src":"https:\/\/gs-silberberg.de\/hp\/wp-content\/uploads\/2015\/11\/2015-11-12-09.20.51.jpg","featured_image_src_square":"https:\/\/gs-silberberg.de\/hp\/wp-content\/uploads\/2015\/11\/2015-11-12-09.20.51.jpg","author_info":{"display_name":"Hs","author_link":"https:\/\/gs-silberberg.de\/hp\/author\/kirsten-hansen\/"},"uagb_featured_image_src":{"full":["https:\/\/gs-silberberg.de\/hp\/wp-content\/uploads\/2015\/11\/2015-11-12-09.20.51.jpg",1024,768,false],"thumbnail":["https:\/\/gs-silberberg.de\/hp\/wp-content\/uploads\/2015\/11\/2015-11-12-09.20.51-150x150.jpg",150,150,true],"medium":["https:\/\/gs-silberberg.de\/hp\/wp-content\/uploads\/2015\/11\/2015-11-12-09.20.51-300x225.jpg",300,225,true],"medium_large":["https:\/\/gs-silberberg.de\/hp\/wp-content\/uploads\/2015\/11\/2015-11-12-09.20.51.jpg",660,495,false],"large":["https:\/\/gs-silberberg.de\/hp\/wp-content\/uploads\/2015\/11\/2015-11-12-09.20.51-1024x768.jpg",660,495,true],"1536x1536":["https:\/\/gs-silberberg.de\/hp\/wp-content\/uploads\/2015\/11\/2015-11-12-09.20.51.jpg",1024,768,false],"2048x2048":["https:\/\/gs-silberberg.de\/hp\/wp-content\/uploads\/2015\/11\/2015-11-12-09.20.51.jpg",1024,768,false],"gb-block-post-grid-landscape":["https:\/\/gs-silberberg.de\/hp\/wp-content\/uploads\/2015\/11\/2015-11-12-09.20.51.jpg",533,400,false],"gb-block-post-grid-square":["https:\/\/gs-silberberg.de\/hp\/wp-content\/uploads\/2015\/11\/2015-11-12-09.20.51.jpg",600,450,false],"slider-thumb":["https:\/\/gs-silberberg.de\/hp\/wp-content\/uploads\/2015\/11\/2015-11-12-09.20.51-1024x395.jpg",1024,395,true],"blog-thumb":["https:\/\/gs-silberberg.de\/hp\/wp-content\/uploads\/2015\/11\/2015-11-12-09.20.51-700x525.jpg",700,525,true],"teaser-thumb":["https:\/\/gs-silberberg.de\/hp\/wp-content\/uploads\/2015\/11\/2015-11-12-09.20.51-332x249.jpg",332,249,true],"gallery-1-thumb":["https:\/\/gs-silberberg.de\/hp\/wp-content\/uploads\/2015\/11\/2015-11-12-09.20.51-432x432.jpg",432,432,true],"gallery-2-thumb":["https:\/\/gs-silberberg.de\/hp\/wp-content\/uploads\/2015\/11\/2015-11-12-09.20.51-268x268.jpg",268,268,true],"gallery-3-thumb":["https:\/\/gs-silberberg.de\/hp\/wp-content\/uploads\/2015\/11\/2015-11-12-09.20.51-268x164.jpg",268,164,true],"image-thumb":["https:\/\/gs-silberberg.de\/hp\/wp-content\/uploads\/2015\/11\/2015-11-12-09.20.51-700x525.jpg",700,525,true],"video-thumb":["https:\/\/gs-silberberg.de\/hp\/wp-content\/uploads\/2015\/11\/2015-11-12-09.20.51-700x393.jpg",700,393,true]},"uagb_author_info":{"display_name":"Hs","author_link":"https:\/\/gs-silberberg.de\/hp\/author\/kirsten-hansen\/"},"uagb_comment_info":0,"uagb_excerpt":"Auch in diesem Herbst fanden im Rahmen der Kinder- und Jugendbuchwochen viele tolle Aktionen rund um das Buch in der Silberbergschule statt. Besonders herausragend ist sicherlich die sch\u00f6ne Tradition, dass die Achtkl\u00e4ssler unseres benachbarten Otto-Hahn-Gymnasiums unter Anleitung ihrer Lehrerin Frau \u00a0Bowien unseren Erstkl\u00e4sslern vorgelesen und mit ihnen gebastelt haben. Die &#8230;","publishpress_future_action":{"enabled":false,"date":"2026-05-08 21:43:47","action":"change-status","newStatus":"draft","terms":[],"taxonomy":"category","extraData":[]},"publishpress_future_workflow_manual_trigger":{"enabledWorkflows":[]},"_links":{"self":[{"href":"https:\/\/gs-silberberg.de\/hp\/wp-json\/wp\/v2\/posts\/603","targetHints":{"allow":["GET"]}}],"collection":[{"href":"https:\/\/gs-silberberg.de\/hp\/wp-json\/wp\/v2\/posts"}],"about":[{"href":"https:\/\/gs-silberberg.de\/hp\/wp-json\/wp\/v2\/types\/post"}],"author":[{"embeddable":true,"href":"https:\/\/gs-silberberg.de\/hp\/wp-json\/wp\/v2\/users\/6"}],"replies":[{"embeddable":true,"href":"https:\/\/gs-silberberg.de\/hp\/wp-json\/wp\/v2\/comments?post=603"}],"version-history":[{"count":0,"href":"https:\/\/gs-silberberg.de\/hp\/wp-json\/wp\/v2\/posts\/603\/revisions"}],"wp:featuredmedia":[{"embeddable":true,"href":"https:\/\/gs-silberberg.de\/hp\/wp-json\/wp\/v2\/media\/597"}],"wp:attachment":[{"href":"https:\/\/gs-silberberg.de\/hp\/wp-json\/wp\/v2\/media?parent=603"}],"wp:term":[{"taxonomy":"category","embeddable":true,"href":"https:\/\/gs-silberberg.de\/hp\/wp-json\/wp\/v2\/categories?post=603"},{"taxonomy":"post_tag","embeddable":true,"href":"https:\/\/gs-silberberg.de\/hp\/wp-json\/wp\/v2\/tags?post=603"}],"curies":[{"name":"wp","href":"https:\/\/api.w.org\/{rel}","templated":true}]}}