{"id":3014,"date":"2023-11-13T16:12:31","date_gmt":"2023-11-13T15:12:31","guid":{"rendered":"https:\/\/gs-silberberg.de\/hp\/?p=3014"},"modified":"2023-11-13T16:12:32","modified_gmt":"2023-11-13T15:12:32","slug":"literatur-ag-die-eigenen-buecher-sind-da","status":"publish","type":"post","link":"https:\/\/gs-silberberg.de\/hp\/literatur-ag-die-eigenen-buecher-sind-da\/","title":{"rendered":"Literatur-AG: Die eigenen B\u00fccher sind da!"},"content":{"rendered":"\n<p>Die B\u00fccher sind da! Stolz halten die ehemaligen Viertkl\u00e4ssler der Silberbergschule IHRE\u00a0\u00a0B\u00fccher in den H\u00e4nden. Im Rahmen des Programms &#8222;Kultur macht stark. B\u00fcndnisse f\u00fcr Bildung&#8220; des Bundesministeriums f\u00fcr Bildung und Forschung haben die Kinder\u00a0in\u00a0einer Literatur-AG\u00a0Texte geschrieben und Bilder gezeichnet. Herausgegeben wurde das Buch &#8222;Fakten, Fakes und Fantasie&#8220; vom Bundesverband der Friedrich-B\u00f6decker-Kreise e.V. unter Mitwirkung von Andreas R\u00f6ckener.\u00a0Zur Buch\u00fcbergabe kamen die jetzigen F\u00fcnftkl\u00e4ssler extra noch einmal in ihre Grundschule. In einer\u00a0kleinen Feierstunde berichteten sie von ihrer\u00a0neuen Schule, und es gab sogar eine spontane Tanzvorf\u00fchrung. Die Kinder freuten sich besonders dar\u00fcber, dass Herr R\u00f6ckener ihnen mehrere Exemplare zum Verschenken mitgegeben hat.<\/p>\n\n\n\n\n\n<div class=\"wp-block-stackable-image stk-block-image stk-block stk-a63bae3\" data-block-id=\"a63bae3\"><figure class=\"stk-img-wrapper stk-image--shape-stretch\"><img loading=\"lazy\" decoding=\"async\" class=\"stk-img wp-image-3016\" src=\"https:\/\/gs-silberberg.de\/hp\/wp-content\/uploads\/2023\/11\/LAG3.jpg\" width=\"1200\" height=\"889\" srcset=\"https:\/\/gs-silberberg.de\/hp\/wp-content\/uploads\/2023\/11\/LAG3.jpg 1200w, https:\/\/gs-silberberg.de\/hp\/wp-content\/uploads\/2023\/11\/LAG3-300x222.jpg 300w, https:\/\/gs-silberberg.de\/hp\/wp-content\/uploads\/2023\/11\/LAG3-1024x759.jpg 1024w, https:\/\/gs-silberberg.de\/hp\/wp-content\/uploads\/2023\/11\/LAG3-768x569.jpg 768w, https:\/\/gs-silberberg.de\/hp\/wp-content\/uploads\/2023\/11\/LAG3-700x519.jpg 700w, https:\/\/gs-silberberg.de\/hp\/wp-content\/uploads\/2023\/11\/LAG3-332x246.jpg 332w\" sizes=\"auto, (max-width: 1200px) 100vw, 1200px\" \/><\/figure><\/div>\n","protected":false},"excerpt":{"rendered":"<p>Die B\u00fccher sind da! Stolz halten die ehemaligen Viertkl\u00e4ssler der Silberbergschule IHRE\u00a0\u00a0B\u00fccher in den H\u00e4nden. Im Rahmen des Programms &#8222;Kultur macht stark. B\u00fcndnisse f\u00fcr Bildung&#8220; des Bundesministeriums f\u00fcr Bildung und Forschung haben die Kinder\u00a0in\u00a0einer Literatur-AG\u00a0Texte geschrieben und Bilder gezeichnet. Herausgegeben wurde das Buch &#8222;Fakten, Fakes und Fantasie&#8220; vom Bundesverband der &#8230;<\/p>\n","protected":false},"author":1,"featured_media":3016,"comment_status":"closed","ping_status":"closed","sticky":false,"template":"","format":"standard","meta":{"_uag_custom_page_level_css":"","footnotes":""},"categories":[143,85],"tags":[292,291],"class_list":["post-3014","post","type-post","status-publish","format-standard","has-post-thumbnail","hentry","category-aus-den-klassen","category-deutsch","tag-buch","tag-literatur-ag","column","onecol","has-thumbnail"],"featured_image_src":"https:\/\/gs-silberberg.de\/hp\/wp-content\/uploads\/2023\/11\/LAG3-600x400.jpg","featured_image_src_square":"https:\/\/gs-silberberg.de\/hp\/wp-content\/uploads\/2023\/11\/LAG3-600x600.jpg","author_info":{"display_name":"Ja","author_link":"https:\/\/gs-silberberg.de\/hp\/author\/admin\/"},"uagb_featured_image_src":{"full":["https:\/\/gs-silberberg.de\/hp\/wp-content\/uploads\/2023\/11\/LAG3.jpg",1200,889,false],"thumbnail":["https:\/\/gs-silberberg.de\/hp\/wp-content\/uploads\/2023\/11\/LAG3-150x150.jpg",150,150,true],"medium":["https:\/\/gs-silberberg.de\/hp\/wp-content\/uploads\/2023\/11\/LAG3-300x222.jpg",300,222,true],"medium_large":["https:\/\/gs-silberberg.de\/hp\/wp-content\/uploads\/2023\/11\/LAG3-768x569.jpg",660,489,true],"large":["https:\/\/gs-silberberg.de\/hp\/wp-content\/uploads\/2023\/11\/LAG3-1024x759.jpg",660,489,true],"1536x1536":["https:\/\/gs-silberberg.de\/hp\/wp-content\/uploads\/2023\/11\/LAG3.jpg",1200,889,false],"2048x2048":["https:\/\/gs-silberberg.de\/hp\/wp-content\/uploads\/2023\/11\/LAG3.jpg",1200,889,false],"gb-block-post-grid-landscape":["https:\/\/gs-silberberg.de\/hp\/wp-content\/uploads\/2023\/11\/LAG3-600x400.jpg",600,400,true],"gb-block-post-grid-square":["https:\/\/gs-silberberg.de\/hp\/wp-content\/uploads\/2023\/11\/LAG3-600x600.jpg",600,600,true],"slider-thumb":["https:\/\/gs-silberberg.de\/hp\/wp-content\/uploads\/2023\/11\/LAG3-1140x395.jpg",1140,395,true],"blog-thumb":["https:\/\/gs-silberberg.de\/hp\/wp-content\/uploads\/2023\/11\/LAG3-700x519.jpg",700,519,true],"teaser-thumb":["https:\/\/gs-silberberg.de\/hp\/wp-content\/uploads\/2023\/11\/LAG3-332x246.jpg",332,246,true],"gallery-1-thumb":["https:\/\/gs-silberberg.de\/hp\/wp-content\/uploads\/2023\/11\/LAG3-432x432.jpg",432,432,true],"gallery-2-thumb":["https:\/\/gs-silberberg.de\/hp\/wp-content\/uploads\/2023\/11\/LAG3-268x268.jpg",268,268,true],"gallery-3-thumb":["https:\/\/gs-silberberg.de\/hp\/wp-content\/uploads\/2023\/11\/LAG3-268x164.jpg",268,164,true],"image-thumb":["https:\/\/gs-silberberg.de\/hp\/wp-content\/uploads\/2023\/11\/LAG3-700x519.jpg",700,519,true],"video-thumb":["https:\/\/gs-silberberg.de\/hp\/wp-content\/uploads\/2023\/11\/LAG3-700x393.jpg",700,393,true]},"uagb_author_info":{"display_name":"Ja","author_link":"https:\/\/gs-silberberg.de\/hp\/author\/admin\/"},"uagb_comment_info":0,"uagb_excerpt":"Die B\u00fccher sind da! Stolz halten die ehemaligen Viertkl\u00e4ssler der Silberbergschule IHRE\u00a0\u00a0B\u00fccher in den H\u00e4nden. Im Rahmen des Programms &#8222;Kultur macht stark. B\u00fcndnisse f\u00fcr Bildung&#8220; des Bundesministeriums f\u00fcr Bildung und Forschung haben die Kinder\u00a0in\u00a0einer Literatur-AG\u00a0Texte geschrieben und Bilder gezeichnet. Herausgegeben wurde das Buch &#8222;Fakten, Fakes und Fantasie&#8220; vom Bundesverband der &#8230;","publishpress_future_action":{"enabled":false,"date":"2026-05-07 21:58:52","action":"change-status","newStatus":"draft","terms":[],"taxonomy":"category","extraData":[]},"publishpress_future_workflow_manual_trigger":{"enabledWorkflows":[]},"_links":{"self":[{"href":"https:\/\/gs-silberberg.de\/hp\/wp-json\/wp\/v2\/posts\/3014","targetHints":{"allow":["GET"]}}],"collection":[{"href":"https:\/\/gs-silberberg.de\/hp\/wp-json\/wp\/v2\/posts"}],"about":[{"href":"https:\/\/gs-silberberg.de\/hp\/wp-json\/wp\/v2\/types\/post"}],"author":[{"embeddable":true,"href":"https:\/\/gs-silberberg.de\/hp\/wp-json\/wp\/v2\/users\/1"}],"replies":[{"embeddable":true,"href":"https:\/\/gs-silberberg.de\/hp\/wp-json\/wp\/v2\/comments?post=3014"}],"version-history":[{"count":0,"href":"https:\/\/gs-silberberg.de\/hp\/wp-json\/wp\/v2\/posts\/3014\/revisions"}],"wp:featuredmedia":[{"embeddable":true,"href":"https:\/\/gs-silberberg.de\/hp\/wp-json\/wp\/v2\/media\/3016"}],"wp:attachment":[{"href":"https:\/\/gs-silberberg.de\/hp\/wp-json\/wp\/v2\/media?parent=3014"}],"wp:term":[{"taxonomy":"category","embeddable":true,"href":"https:\/\/gs-silberberg.de\/hp\/wp-json\/wp\/v2\/categories?post=3014"},{"taxonomy":"post_tag","embeddable":true,"href":"https:\/\/gs-silberberg.de\/hp\/wp-json\/wp\/v2\/tags?post=3014"}],"curies":[{"name":"wp","href":"https:\/\/api.w.org\/{rel}","templated":true}]}}