{"id":1275,"date":"2018-09-26T20:13:08","date_gmt":"2018-09-26T18:13:08","guid":{"rendered":"https:\/\/gs-silberberg.de\/hp\/waldlauftag-am-14-10-2015-copy\/"},"modified":"2018-09-27T17:52:01","modified_gmt":"2018-09-27T15:52:01","slug":"waldlauftag-am-14-10-2015-copy","status":"publish","type":"post","link":"https:\/\/gs-silberberg.de\/hp\/waldlauftag-am-14-10-2015-copy\/","title":{"rendered":"Viel Spa\u00df und tolle Leistungen beim Waldlauftag 2018"},"content":{"rendered":"<p><a href=\"http:\/\/gs-silberberg.de\/hp\/wp-content\/uploads\/2015\/09\/waldlauflogo.png\"><img loading=\"lazy\" decoding=\"async\" class=\"size-medium wp-image-546 alignleft\" src=\"http:\/\/gs-silberberg.de\/hp\/wp-content\/uploads\/2015\/09\/waldlauflogo-300x225.png\" alt=\"waldlauflogo\" width=\"300\" height=\"225\" srcset=\"https:\/\/gs-silberberg.de\/hp\/wp-content\/uploads\/2015\/09\/waldlauflogo-300x225.png 300w, https:\/\/gs-silberberg.de\/hp\/wp-content\/uploads\/2015\/09\/waldlauflogo-700x525.png 700w, https:\/\/gs-silberberg.de\/hp\/wp-content\/uploads\/2015\/09\/waldlauflogo-332x249.png 332w, https:\/\/gs-silberberg.de\/hp\/wp-content\/uploads\/2015\/09\/waldlauflogo.png 800w\" sizes=\"auto, (max-width: 300px) 100vw, 300px\" \/><\/a>Bei bestem Herbstwetter trafen sich die Sch\u00fclerinnen und Sch\u00fcler der Silberbergschule am 26.9.18 in den nahegelegenen Wald der Heidberge am Ende der Hugo-Otto-Zimmer-Stra\u00dfe. Unter der Leitung von den Sportlehrern Mara Metzner und Gunnar Jargstorff, die diesmal von zahlreichen Eltern als Streckenposten unterst\u00fctzt wurden, freuten sich ca. 100 Zweitkl\u00e4ssler um 8:00 Uhr den diesj\u00e4hrigen Waldlauftag zu er\u00f6ffnen.<\/p>\n<p>Auf der rund 1 Kilometer langen und recht anspruchsvollen Rundstrecke zeigten zuerst die Kinder aus dem 2. Jahrgang und danach die frischen Erstkl\u00e4ssler, was sie k\u00f6nnen.<\/p>\n<p>Anschlie\u00dfend versuchten sich die \u00e4lteren Sch\u00fclerinnen und Sch\u00fcler der 3. und 4. Klassen an der doppelten Rundenzahl. Und das mit viel Spa\u00df und Erfolg. Es war f\u00fcr jeden etwas dabei, egal ob jemand die ein bzw. zwei Runden ohne anzuhalten schaffen wollte oder gar mit um die vorderen Pl\u00e4tze mitk\u00e4mpfen konnte. Auf jeden Fall hatten fast alle Spa\u00df\u00a0 und waren nach dem Zieleinlauf sichtlich stolz auf ihre Leistung.<\/p>\n<p>Wir m\u00f6chten uns ausdr\u00fccklich und ganz herzlich bei den helfenden Eltern bedanken. Ohne dieses Engagement w\u00e4re vieles an unserer Schule nicht m\u00f6glich.<\/p>\n<p>Wir freuen uns auf die n\u00e4chste Laufveranstaltung im Herbst 2019.<\/p>\n<p>Die Ergebnisse der Klassenwertung:<\/p>\n<table>\n<tbody>\n<tr>\n<td><\/td>\n<td>2. Klasse<\/td>\n<td>3. Klasse<\/td>\n<td>4. Klasse<\/td>\n<\/tr>\n<tr>\n<td>1.<\/td>\n<td>2c<\/td>\n<td>3b<\/td>\n<td>4e<\/td>\n<\/tr>\n<tr>\n<td>2.<\/td>\n<td>2b<\/td>\n<td>3a, d<\/td>\n<td>4c, 4b<\/td>\n<\/tr>\n<tr>\n<td>3.<\/td>\n<td>2a<\/td>\n<td>3c<\/td>\n<td>4a<\/td>\n<\/tr>\n<tr>\n<td>4.<\/td>\n<td>2d<\/td>\n<td><\/td>\n<td>4d<\/td>\n<\/tr>\n<tr>\n<td>5.<\/td>\n<td><\/td>\n<td><\/td>\n<td><\/td>\n<\/tr>\n<tr>\n<td><\/td>\n<td><\/td>\n<td><\/td>\n<td><\/td>\n<\/tr>\n<\/tbody>\n<\/table>\n","protected":false},"excerpt":{"rendered":"<p>Bei bestem Herbstwetter trafen sich die Sch\u00fclerinnen und Sch\u00fcler der Silberbergschule am 26.9.18 in den nahegelegenen Wald der Heidberge am Ende der Hugo-Otto-Zimmer-Stra\u00dfe. Unter der Leitung von den Sportlehrern Mara Metzner und Gunnar Jargstorff, die diesmal von zahlreichen Eltern als Streckenposten unterst\u00fctzt wurden, freuten sich ca. 100 Zweitkl\u00e4ssler um 8:00 &#8230;<\/p>\n","protected":false},"author":1,"featured_media":546,"comment_status":"closed","ping_status":"closed","sticky":false,"template":"","format":"standard","meta":{"_uag_custom_page_level_css":"","footnotes":""},"categories":[48],"tags":[],"class_list":["post-1275","post","type-post","status-publish","format-standard","has-post-thumbnail","hentry","category-sport","column","onecol","has-thumbnail"],"featured_image_src":"https:\/\/gs-silberberg.de\/hp\/wp-content\/uploads\/2015\/09\/waldlauflogo.png","featured_image_src_square":"https:\/\/gs-silberberg.de\/hp\/wp-content\/uploads\/2015\/09\/waldlauflogo.png","author_info":{"display_name":"Ja","author_link":"https:\/\/gs-silberberg.de\/hp\/author\/admin\/"},"uagb_featured_image_src":{"full":["https:\/\/gs-silberberg.de\/hp\/wp-content\/uploads\/2015\/09\/waldlauflogo.png",800,600,false],"thumbnail":["https:\/\/gs-silberberg.de\/hp\/wp-content\/uploads\/2015\/09\/waldlauflogo-150x150.png",150,150,true],"medium":["https:\/\/gs-silberberg.de\/hp\/wp-content\/uploads\/2015\/09\/waldlauflogo-300x225.png",300,225,true],"medium_large":["https:\/\/gs-silberberg.de\/hp\/wp-content\/uploads\/2015\/09\/waldlauflogo.png",660,495,false],"large":["https:\/\/gs-silberberg.de\/hp\/wp-content\/uploads\/2015\/09\/waldlauflogo.png",660,495,false],"1536x1536":["https:\/\/gs-silberberg.de\/hp\/wp-content\/uploads\/2015\/09\/waldlauflogo.png",800,600,false],"2048x2048":["https:\/\/gs-silberberg.de\/hp\/wp-content\/uploads\/2015\/09\/waldlauflogo.png",800,600,false],"gb-block-post-grid-landscape":["https:\/\/gs-silberberg.de\/hp\/wp-content\/uploads\/2015\/09\/waldlauflogo.png",533,400,false],"gb-block-post-grid-square":["https:\/\/gs-silberberg.de\/hp\/wp-content\/uploads\/2015\/09\/waldlauflogo.png",600,450,false],"slider-thumb":["https:\/\/gs-silberberg.de\/hp\/wp-content\/uploads\/2015\/09\/waldlauflogo-800x395.png",800,395,true],"blog-thumb":["https:\/\/gs-silberberg.de\/hp\/wp-content\/uploads\/2015\/09\/waldlauflogo-700x525.png",700,525,true],"teaser-thumb":["https:\/\/gs-silberberg.de\/hp\/wp-content\/uploads\/2015\/09\/waldlauflogo-332x249.png",332,249,true],"gallery-1-thumb":["https:\/\/gs-silberberg.de\/hp\/wp-content\/uploads\/2015\/09\/waldlauflogo-432x432.png",432,432,true],"gallery-2-thumb":["https:\/\/gs-silberberg.de\/hp\/wp-content\/uploads\/2015\/09\/waldlauflogo-268x268.png",268,268,true],"gallery-3-thumb":["https:\/\/gs-silberberg.de\/hp\/wp-content\/uploads\/2015\/09\/waldlauflogo-268x164.png",268,164,true],"image-thumb":["https:\/\/gs-silberberg.de\/hp\/wp-content\/uploads\/2015\/09\/waldlauflogo-700x525.png",700,525,true],"video-thumb":["https:\/\/gs-silberberg.de\/hp\/wp-content\/uploads\/2015\/09\/waldlauflogo-700x393.png",700,393,true]},"uagb_author_info":{"display_name":"Ja","author_link":"https:\/\/gs-silberberg.de\/hp\/author\/admin\/"},"uagb_comment_info":0,"uagb_excerpt":"Bei bestem Herbstwetter trafen sich die Sch\u00fclerinnen und Sch\u00fcler der Silberbergschule am 26.9.18 in den nahegelegenen Wald der Heidberge am Ende der Hugo-Otto-Zimmer-Stra\u00dfe. Unter der Leitung von den Sportlehrern Mara Metzner und Gunnar Jargstorff, die diesmal von zahlreichen Eltern als Streckenposten unterst\u00fctzt wurden, freuten sich ca. 100 Zweitkl\u00e4ssler um 8:00 &#8230;","publishpress_future_action":{"enabled":false,"date":"2026-05-08 19:21:08","action":"change-status","newStatus":"draft","terms":[],"taxonomy":"category","extraData":[]},"publishpress_future_workflow_manual_trigger":{"enabledWorkflows":[]},"_links":{"self":[{"href":"https:\/\/gs-silberberg.de\/hp\/wp-json\/wp\/v2\/posts\/1275","targetHints":{"allow":["GET"]}}],"collection":[{"href":"https:\/\/gs-silberberg.de\/hp\/wp-json\/wp\/v2\/posts"}],"about":[{"href":"https:\/\/gs-silberberg.de\/hp\/wp-json\/wp\/v2\/types\/post"}],"author":[{"embeddable":true,"href":"https:\/\/gs-silberberg.de\/hp\/wp-json\/wp\/v2\/users\/1"}],"replies":[{"embeddable":true,"href":"https:\/\/gs-silberberg.de\/hp\/wp-json\/wp\/v2\/comments?post=1275"}],"version-history":[{"count":0,"href":"https:\/\/gs-silberberg.de\/hp\/wp-json\/wp\/v2\/posts\/1275\/revisions"}],"wp:featuredmedia":[{"embeddable":true,"href":"https:\/\/gs-silberberg.de\/hp\/wp-json\/wp\/v2\/media\/546"}],"wp:attachment":[{"href":"https:\/\/gs-silberberg.de\/hp\/wp-json\/wp\/v2\/media?parent=1275"}],"wp:term":[{"taxonomy":"category","embeddable":true,"href":"https:\/\/gs-silberberg.de\/hp\/wp-json\/wp\/v2\/categories?post=1275"},{"taxonomy":"post_tag","embeddable":true,"href":"https:\/\/gs-silberberg.de\/hp\/wp-json\/wp\/v2\/tags?post=1275"}],"curies":[{"name":"wp","href":"https:\/\/api.w.org\/{rel}","templated":true}]}}